{"id":1375,"date":"2014-01-23T11:59:25","date_gmt":"2014-01-23T11:59:25","guid":{"rendered":"http:\/\/derechopublicoglobal.es\/?p=1375"},"modified":"2015-11-25T19:19:57","modified_gmt":"2015-11-25T19:19:57","slug":"contratacion-publica-estrategica","status":"publish","type":"post","link":"https:\/\/derechopublicoglobal.es\/gl\/contratacion-publica-estrategica\/","title":{"rendered":"Contrataci\u00f3n P\u00fablica Estrat\u00e9gica"},"content":{"rendered":"<p><strong><a href=\"https:\/\/derechopublicoglobal.es\/wp-content\/uploads\/2014\/01\/Contratacion_publica_estrategica.pdf\" target=\"_blank\"><img loading=\"lazy\" decoding=\"async\" class=\"size-full wp-image-1378 alignright\" alt=\"Contratacion_publica_estrategica\" src=\"https:\/\/derechopublicoglobal.es\/wp-content\/uploads\/2014\/01\/Contratacion_publica_estrategica.jpg\" width=\"210\" height=\"300\" \/><\/a><\/strong><\/p>\n<p><strong>ISBN:\u00a0<\/strong>978-84-9059-070-6<br \/>\n<strong>Editorial:<\/strong>\u00a0Aranzadi<br \/>\n<strong>Data de edici\u00f3n:<\/strong>\u00a02013<br \/>\n<strong>Lugar de edici\u00f3n:<\/strong>\u00a0Navarra. Espa\u00f1a.<br \/>\n<strong>N\u00ba P\u00e1x.:<\/strong>\u00a0409<\/p>\n<p><a href=\"https:\/\/derechopublicoglobal.es\/wp-content\/uploads\/2014\/01\/Contratacion_publica_estrategica.pdf\" target=\"_blank\">Descargar Documento<\/a><\/p>","protected":false},"excerpt":{"rendered":"<p>ISBN:\u00a0978-84-9059-070-6 Editorial:\u00a0Aranzadi Data de edici\u00f3n:\u00a02013 Lugar de edici\u00f3n:\u00a0Navarra. Espa\u00f1a. N\u00ba P\u00e1x.:\u00a0409 Descargar Documento<\/p>\n","protected":false},"author":2,"featured_media":0,"comment_status":"open","ping_status":"open","sticky":false,"template":"","format":"standard","meta":{"footnotes":""},"categories":[12,11,6],"tags":[],"class_list":["post-1375","post","type-post","status-publish","format-standard","hentry","category-contratacion-publica","category-libros","category-publicaciones"],"_links":{"self":[{"href":"https:\/\/derechopublicoglobal.es\/gl\/wp-json\/wp\/v2\/posts\/1375","targetHints":{"allow":["GET"]}}],"collection":[{"href":"https:\/\/derechopublicoglobal.es\/gl\/wp-json\/wp\/v2\/posts"}],"about":[{"href":"https:\/\/derechopublicoglobal.es\/gl\/wp-json\/wp\/v2\/types\/post"}],"author":[{"embeddable":true,"href":"https:\/\/derechopublicoglobal.es\/gl\/wp-json\/wp\/v2\/users\/2"}],"replies":[{"embeddable":true,"href":"https:\/\/derechopublicoglobal.es\/gl\/wp-json\/wp\/v2\/comments?post=1375"}],"version-history":[{"count":11,"href":"https:\/\/derechopublicoglobal.es\/gl\/wp-json\/wp\/v2\/posts\/1375\/revisions"}],"predecessor-version":[{"id":2374,"href":"https:\/\/derechopublicoglobal.es\/gl\/wp-json\/wp\/v2\/posts\/1375\/revisions\/2374"}],"wp:attachment":[{"href":"https:\/\/derechopublicoglobal.es\/gl\/wp-json\/wp\/v2\/media?parent=1375"}],"wp:term":[{"taxonomy":"category","embeddable":true,"href":"https:\/\/derechopublicoglobal.es\/gl\/wp-json\/wp\/v2\/categories?post=1375"},{"taxonomy":"post_tag","embeddable":true,"href":"https:\/\/derechopublicoglobal.es\/gl\/wp-json\/wp\/v2\/tags?post=1375"}],"curies":[{"name":"wp","href":"https:\/\/api.w.org\/{rel}","templated":true}]}}