{"id":4842,"date":"2025-11-30T09:15:26","date_gmt":"2025-11-30T09:15:26","guid":{"rendered":"http:\/\/derechopublicoglobal.es\/?p=4842"},"modified":"2025-11-30T15:31:53","modified_gmt":"2025-11-30T15:31:53","slug":"seminario-retos-de-la-practica-fiscal-y-la-controversia-sobre-el-marco-de-la-tributacion-empresarial","status":"publish","type":"post","link":"https:\/\/derechopublicoglobal.es\/en\/seminario-retos-de-la-practica-fiscal-y-la-controversia-sobre-el-marco-de-la-tributacion-empresarial\/","title":{"rendered":"Seminario &#8220;Retos de la pr\u00e1ctica fiscal y la controversia sobre el marco de la tributaci\u00f3n empresarial&#8221; (En espa\u00f1ol)"},"content":{"rendered":"<p>Bajo la direcci\u00f3n del Dr. Jos\u00e9 Manuel Calder\u00f3n Carrero y la Dra. Pilar \u00c1lvarez Barbeito, y con el Dr. Alberto Quintas Seara al frente de la Secretar\u00eda Acad\u00e9mica, se ha celebrado, el pasado viernes 28 de noviembre, en la Facultad de Derecho de la UDC, el seminario &#8220;<strong>Retos de la pr\u00e1ctica fiscal y la controversia sobre el marco de la tributaci\u00f3n empresarial<\/strong>&#8220;, en el marco del proyecto nacional \u201cEl futuro de la imposici\u00f3n sobre la renta: estudio de las tendencias internacionales en materia de imposici\u00f3n societaria y de las personas f\u00edsicas\u201d (PID2021-128546NB-I00), financiado por MCIU\/AEI\/10.13039\/501100011033 y por FEDER, UE.<\/p>\n<div>\n<p>Se trat\u00f3 de un evento que persegu\u00eda ofrecer un marco de an\u00e1lisis y debate acerca de las tendencias actuales en la pr\u00e1ctica fiscal y la tributaci\u00f3n empresarial, donde las ponencias fueron desarrolladas por destacados acad\u00e9micos de prestigio y especialistas en Derecho Fiscal y Tributario, as\u00ed como directivos de empresas reconocidas en la materia.<\/p>\n<p><a href=\"https:\/\/derechopublicoglobal.es\/wp-content\/uploads\/2025\/11\/Paxina-1.jpg\"><img loading=\"lazy\" decoding=\"async\" class=\"alignnone wp-image-4844\" src=\"https:\/\/derechopublicoglobal.es\/wp-content\/uploads\/2025\/11\/Paxina-1-209x300.jpg\" alt=\"\" width=\"476\" height=\"683\" srcset=\"https:\/\/derechopublicoglobal.es\/wp-content\/uploads\/2025\/11\/Paxina-1-209x300.jpg 209w, https:\/\/derechopublicoglobal.es\/wp-content\/uploads\/2025\/11\/Paxina-1.jpg 635w\" sizes=\"auto, (max-width: 476px) 100vw, 476px\" \/><img loading=\"lazy\" decoding=\"async\" class=\"alignnone wp-image-4843\" src=\"https:\/\/derechopublicoglobal.es\/wp-content\/uploads\/2025\/11\/Paxina-2-210x300.jpg\" alt=\"\" width=\"480\" height=\"686\" srcset=\"https:\/\/derechopublicoglobal.es\/wp-content\/uploads\/2025\/11\/Paxina-2-210x300.jpg 210w, https:\/\/derechopublicoglobal.es\/wp-content\/uploads\/2025\/11\/Paxina-2.jpg 639w\" sizes=\"auto, (max-width: 480px) 100vw, 480px\" \/><\/a><\/p>\n<\/div>\n<p><\/p>","protected":false},"excerpt":{"rendered":"<p>Bajo la direcci\u00f3n del Dr. Jos\u00e9 Manuel Calder\u00f3n Carrero y la Dra. Pilar \u00c1lvarez Barbeito, y con el Dr. Alberto Quintas Seara al frente de la Secretar\u00eda Acad\u00e9mica, se ha celebrado, el pasado viernes 28 de noviembre, en la Facultad de Derecho de la UDC, el seminario &#8220;Retos de la pr\u00e1ctica fiscal y la controversia [&hellip;]<\/p>\n","protected":false},"author":13,"featured_media":0,"comment_status":"open","ping_status":"open","sticky":false,"template":"","format":"standard","meta":{"footnotes":""},"categories":[5],"tags":[],"class_list":["post-4842","post","type-post","status-publish","format-standard","hentry","category-noticias"],"_links":{"self":[{"href":"https:\/\/derechopublicoglobal.es\/en\/wp-json\/wp\/v2\/posts\/4842","targetHints":{"allow":["GET"]}}],"collection":[{"href":"https:\/\/derechopublicoglobal.es\/en\/wp-json\/wp\/v2\/posts"}],"about":[{"href":"https:\/\/derechopublicoglobal.es\/en\/wp-json\/wp\/v2\/types\/post"}],"author":[{"embeddable":true,"href":"https:\/\/derechopublicoglobal.es\/en\/wp-json\/wp\/v2\/users\/13"}],"replies":[{"embeddable":true,"href":"https:\/\/derechopublicoglobal.es\/en\/wp-json\/wp\/v2\/comments?post=4842"}],"version-history":[{"count":2,"href":"https:\/\/derechopublicoglobal.es\/en\/wp-json\/wp\/v2\/posts\/4842\/revisions"}],"predecessor-version":[{"id":4846,"href":"https:\/\/derechopublicoglobal.es\/en\/wp-json\/wp\/v2\/posts\/4842\/revisions\/4846"}],"wp:attachment":[{"href":"https:\/\/derechopublicoglobal.es\/en\/wp-json\/wp\/v2\/media?parent=4842"}],"wp:term":[{"taxonomy":"category","embeddable":true,"href":"https:\/\/derechopublicoglobal.es\/en\/wp-json\/wp\/v2\/categories?post=4842"},{"taxonomy":"post_tag","embeddable":true,"href":"https:\/\/derechopublicoglobal.es\/en\/wp-json\/wp\/v2\/tags?post=4842"}],"curies":[{"name":"wp","href":"https:\/\/api.w.org\/{rel}","templated":true}]}}